{"id":5596,"date":"2021-08-27T08:58:13","date_gmt":"2021-08-27T08:58:13","guid":{"rendered":"https:\/\/www.troesser-art.de\/?p=5596"},"modified":"2023-10-24T19:07:02","modified_gmt":"2023-10-24T19:07:02","slug":"die-zukunft-der-vergangenheit-2","status":"publish","type":"post","link":"https:\/\/www.troesser-art.de\/?p=5596","title":{"rendered":"Die Zukunft der Vergangenheit"},"content":{"rendered":"\t\t<div data-elementor-type=\"wp-post\" data-elementor-id=\"5596\" class=\"elementor elementor-5596\">\n\t\t\t\t\t\t<div class=\"elementor-inner\">\n\t\t\t\t<div class=\"elementor-section-wrap\">\n\t\t\t\t\t\t\t\t\t<section class=\"elementor-section elementor-top-section elementor-element elementor-element-de1483d elementor-section-boxed elementor-section-height-default elementor-section-height-default\" data-id=\"de1483d\" data-element_type=\"section\">\n\t\t\t\t\t\t<div class=\"elementor-container elementor-column-gap-default\">\n\t\t\t\t\t\t\t<div class=\"elementor-row\">\n\t\t\t\t\t<div class=\"elementor-column elementor-col-100 elementor-top-column elementor-element elementor-element-221f8fe\" data-id=\"221f8fe\" data-element_type=\"column\">\n\t\t\t<div class=\"elementor-column-wrap elementor-element-populated\">\n\t\t\t\t\t\t\t<div class=\"elementor-widget-wrap\">\n\t\t\t\t\t\t<div class=\"elementor-element elementor-element-08b2649 elementor-widget elementor-widget-heading\" data-id=\"08b2649\" data-element_type=\"widget\" data-widget_type=\"heading.default\">\n\t\t\t\t<div class=\"elementor-widget-container\">\n\t\t\t<h2 class=\"elementor-heading-title elementor-size-default\">Serie \/ Teil 2<\/h2>\t\t<\/div>\n\t\t\t\t<\/div>\n\t\t\t\t\t\t<\/div>\n\t\t\t\t\t<\/div>\n\t\t<\/div>\n\t\t\t\t\t\t\t\t<\/div>\n\t\t\t\t\t<\/div>\n\t\t<\/section>\n\t\t\t\t<section class=\"elementor-section elementor-top-section elementor-element elementor-element-c8e5599 elementor-section-boxed elementor-section-height-default elementor-section-height-default\" data-id=\"c8e5599\" data-element_type=\"section\">\n\t\t\t\t\t\t<div class=\"elementor-container elementor-column-gap-default\">\n\t\t\t\t\t\t\t<div class=\"elementor-row\">\n\t\t\t\t\t<div class=\"elementor-column elementor-col-100 elementor-top-column elementor-element elementor-element-eceba42\" data-id=\"eceba42\" data-element_type=\"column\">\n\t\t\t<div class=\"elementor-column-wrap elementor-element-populated\">\n\t\t\t\t\t\t\t<div class=\"elementor-widget-wrap\">\n\t\t\t\t\t\t<div class=\"elementor-element elementor-element-023e27b elementor-widget elementor-widget-text-editor\" data-id=\"023e27b\" data-element_type=\"widget\" data-widget_type=\"text-editor.default\">\n\t\t\t\t<div class=\"elementor-widget-container\">\n\t\t\t\t\t\t\t\t<div class=\"elementor-text-editor elementor-clearfix\">\n\t\t\t\t<p align=\"JUSTIFY\"><span style=\"font-family: Arial, sans-serif;\">Schon immer war und ist auch heute noch der Blick in die Zukunft f\u00fcr junge Menschen von besonderer Bedeutung, weil dies vor allem ihre eigene Zukunft betrifft, d.h. in welche Zukunft sie selbst hineinwachsen werden. Denn je \u00e4lter man wir, um so mehr Zukunft hat man schon hinter sich.<\/span><\/p><p align=\"JUSTIFY\"><span style=\"font-family: Arial, sans-serif;\">Die schon 1880 erstmals erschienene Jahrbuchreihe:<strong> <i>\u201eDas neue Universum\u201c<\/i><\/strong> folgte dem Konzept, aktuelle Themen aus den Bereichen Wissenschaft, Forschung und Unterhaltung f\u00fcr Jugendliche zu pr\u00e4sentieren und bei vielen Themen auch Blicke in die Zukunft zu werfen. Entsprechend las man im Untertitel: &#8220;<i>Ein Jahrbuch f\u00fcr Haus und Familie, besonders f\u00fcr die reifere Jugend, mit einem Anhang zur Selbstbesch\u00e4ftigung \u201eh\u00e4usliche Werkstatt&#8221;\u201c<\/i>.<\/span><\/p><p align=\"JUSTIFY\"><span style=\"font-family: Arial, sans-serif;\">Daneben gab es sp\u00e4ter die Reihe <em><strong>\u201cDurch die weite Welt\u201c<\/strong><\/em> und in der DDR das <strong><em>\u201eUrana Universum\u201c<\/em><\/strong>, die auch das Konzept verfolgten, Wissensdurst verst\u00e4ndlich zu und Zukunftstr\u00e4ume koppeln wollten. Da es sich bei den Themen zu einem gro\u00dfen Teil um Technik handelte, waren sie in den 50er und 60er Jahren beliebte Geburtstags- und Weihnachtsgeschenke vor allem f\u00fcr Jungen, die Reihe <i>\u201eDurch die weite Welt\u201c<\/i> hie\u00df der Untertitel: <i>\u201cDas gro\u00dfe Buch f\u00fcr jeden Jungen\u201c<\/i>.\u00a0<\/span><\/p>\t\t\t\t\t<\/div>\n\t\t\t\t\t\t<\/div>\n\t\t\t\t<\/div>\n\t\t\t\t\t\t<\/div>\n\t\t\t\t\t<\/div>\n\t\t<\/div>\n\t\t\t\t\t\t\t\t<\/div>\n\t\t\t\t\t<\/div>\n\t\t<\/section>\n\t\t\t\t<section class=\"elementor-section elementor-top-section elementor-element elementor-element-a1ec5f2 elementor-section-boxed elementor-section-height-default elementor-section-height-default\" data-id=\"a1ec5f2\" data-element_type=\"section\">\n\t\t\t\t\t\t<div class=\"elementor-container elementor-column-gap-default\">\n\t\t\t\t\t\t\t<div class=\"elementor-row\">\n\t\t\t\t\t<div class=\"elementor-column elementor-col-50 elementor-top-column elementor-element elementor-element-2b9855b\" data-id=\"2b9855b\" data-element_type=\"column\">\n\t\t\t<div class=\"elementor-column-wrap elementor-element-populated\">\n\t\t\t\t\t\t\t<div class=\"elementor-widget-wrap\">\n\t\t\t\t\t\t<div class=\"elementor-element elementor-element-dc43471 elementor-widget elementor-widget-text-editor\" data-id=\"dc43471\" data-element_type=\"widget\" data-widget_type=\"text-editor.default\">\n\t\t\t\t<div class=\"elementor-widget-container\">\n\t\t\t\t\t\t\t\t<div class=\"elementor-text-editor elementor-clearfix\">\n\t\t\t\t<p align=\"JUSTIFY\"><span style=\"font-family: Arial, sans-serif;\">Die Hardcover-B\u00fccher waren ca. 400-500 Seiten stark in einem Format etwas \u00fcber A5. Jedes Buch hatte zahlreiche Kapitel, z.B. bei der Reihe:<strong> <i>\u201cDurch die weite Welt\u201c<\/i><\/strong>: <em>\u201eForschung \u2013 Gestern, heute, Morgen\u201c,<\/em> <em>\u201eReisen und Abenteuer in aller Welt\u201c<\/em>, <em>\u201eAus Technik und Verkehr<\/em>\u201c,<em> \u201eKultur Geschichte Literatur,<\/em>\u201c,<em>&#8220;Wissen f\u00fcr alle\u201c<\/em>, <em>\u201eAus der Welt der Natur\u201c<\/em>,<em> \u201eFreizeit und Beruf\u201c<\/em>, <em>\u201eSport\u201c<\/em>, <em>\u201eFesselnde und lustige Erz\u00e4hlungen&#8221;<\/em> und <em>\u201eR\u00e4tsel, Denksport, Scherze\u201c.<\/em> <strong>\u201eDas neue Universum\u201c<\/strong> bot \u00e4hnliche Kapitel, mit etwas anderen Schwerpunkten wie. <em>\u201cErz\u00e4hltes und Erlebtes\u201c<\/em>, <em>\u201cAus Heimat und Ferne<\/em>\u201c,<em>\u201cGeheimnis volles Leben\u201c<\/em>, <em>\u201eVon Kraft und Stoff\u201c<\/em>,\u00a0<em>\u201cDieses und jenes\u201c<\/em> usw. Neben den sachlichen, z.T. popul\u00e4rwissenschaftlichen Texten gab es fiktionale Geschichten und unz\u00e4hlige farbige und s\/w Bilder und ausklappbaren Tafeln. <\/span><span style=\"font-family: Arial, sans-serif;\">In einer Zeit lange vor Internet, Wikipedia und Google waren dies oft wichtige Quellen, den Wissensdurst junger Menschen zu stillen und ihnen ein Bild aus dem Facettenreichtum der Welt zu erschlie\u00dfen.<\/span><\/p>\t\t\t\t\t<\/div>\n\t\t\t\t\t\t<\/div>\n\t\t\t\t<\/div>\n\t\t\t\t\t\t<\/div>\n\t\t\t\t\t<\/div>\n\t\t<\/div>\n\t\t\t\t<div class=\"elementor-column elementor-col-50 elementor-top-column elementor-element elementor-element-9d711b3\" data-id=\"9d711b3\" data-element_type=\"column\">\n\t\t\t<div class=\"elementor-column-wrap elementor-element-populated\">\n\t\t\t\t\t\t\t<div class=\"elementor-widget-wrap\">\n\t\t\t\t\t\t<div class=\"elementor-element elementor-element-dbb05ec elementor-widget elementor-widget-image\" data-id=\"dbb05ec\" data-element_type=\"widget\" data-widget_type=\"image.default\">\n\t\t\t\t<div class=\"elementor-widget-container\">\n\t\t\t\t\t\t\t\t<div class=\"elementor-image\">\n\t\t\t\t\t\t\t\t\t\t\t\t<img decoding=\"async\" src=\"https:\/\/www.troesser-art.de\/wp-content\/uploads\/elementor\/thumbs\/DSC_0246-scaled-qqgt9urw1vf2vwwumih1ufpbqqwzjqe2skeqaf7oxk.jpg?v=1630069237\" title=\"DSC_0246\" alt=\"DSC_0246\" \/>\t\t\t\t\t\t\t\t\t\t\t\t\t\t<\/div>\n\t\t\t\t\t\t<\/div>\n\t\t\t\t<\/div>\n\t\t\t\t\t\t<\/div>\n\t\t\t\t\t<\/div>\n\t\t<\/div>\n\t\t\t\t\t\t\t\t<\/div>\n\t\t\t\t\t<\/div>\n\t\t<\/section>\n\t\t\t\t<section class=\"elementor-section elementor-top-section elementor-element elementor-element-1a0827c elementor-section-boxed elementor-section-height-default elementor-section-height-default\" data-id=\"1a0827c\" data-element_type=\"section\">\n\t\t\t\t\t\t<div class=\"elementor-container elementor-column-gap-default\">\n\t\t\t\t\t\t\t<div class=\"elementor-row\">\n\t\t\t\t\t<div class=\"elementor-column elementor-col-100 elementor-top-column elementor-element elementor-element-b5cb346\" data-id=\"b5cb346\" data-element_type=\"column\">\n\t\t\t<div class=\"elementor-column-wrap elementor-element-populated\">\n\t\t\t\t\t\t\t<div class=\"elementor-widget-wrap\">\n\t\t\t\t\t\t<div class=\"elementor-element elementor-element-5011ce1 elementor-widget elementor-widget-text-editor\" data-id=\"5011ce1\" data-element_type=\"widget\" data-widget_type=\"text-editor.default\">\n\t\t\t\t<div class=\"elementor-widget-container\">\n\t\t\t\t\t\t\t\t<div class=\"elementor-text-editor elementor-clearfix\">\n\t\t\t\t<p align=\"JUSTIFY\"><span style=\"font-family: Arial, sans-serif;\">Vor allem auf dem Hintergrund der Frage, was ist aus der Zukunft aus Sicht der Vergangenheit geworden, liefern die B\u00e4nde spannende Ideen, vor allem auch durch die, die man mit der Welt von heute gut vergleichen kann.<\/span><\/p><p align=\"JUSTIFY\"><span style=\"font-family: Arial, sans-serif;\">Beginnen wir mit dem \u201eNeuen Universum&#8221; von 1953, also einem Weltuniversum <\/span><span style=\"font-family: Arial, sans-serif;\">von vor 68 Jahren. Die erste gro\u00dfe, farbige, ausklappbare Schautafel gleich zu Beginn weist (siehe oben) bereits einen Weg in die Zukunft: \u201c<i>In der Eisw\u00fcste des Polarmeeres treiben zwischen den sich t\u00fcrmenden Packeismassen, Eisschollen riesigen Ausma\u00dfes und enormer Dicke. Diese schwimmenden Inseln, die auf gleichbleibendem Kurs um den Nordpol kreisen, sind ideale St\u00fctzpunkte f\u00fcr den Weltflugverkehr, denn die k\u00fcrzesten Flugwege kreuzen den Pol. Vielleicht schon morgen wird man Hangars und Montagehallen in das massive Eis schlagen und so den ersten gegen Schneest\u00fcrme und grimmige K\u00e4lte gesch\u00fctzten Luftbahnhof in der Region des ewigen Eises schaffen.\u201c<\/i> Allerdings ist die Entwicklung der Luftfahrt in der folgenden Jahrzehnte v\u00f6llig anders verlaufen. Nicht zuletzt durch den Klimawandel w\u00e4re das Eis ziemlich d\u00fcnn f\u00fcr die Hangars und Landebahnen, sie w\u00e4ren im Meer versunken und h\u00e4tten wahrscheinlich noch mehr Schaden angerichtet. <strong>Also: Eine glatte Fehleinsch\u00e4tzung.<\/strong><\/span><\/p>\t\t\t\t\t<\/div>\n\t\t\t\t\t\t<\/div>\n\t\t\t\t<\/div>\n\t\t\t\t\t\t<\/div>\n\t\t\t\t\t<\/div>\n\t\t<\/div>\n\t\t\t\t\t\t\t\t<\/div>\n\t\t\t\t\t<\/div>\n\t\t<\/section>\n\t\t\t\t<section class=\"elementor-section elementor-top-section elementor-element elementor-element-4b074e9 elementor-section-boxed elementor-section-height-default elementor-section-height-default\" data-id=\"4b074e9\" data-element_type=\"section\">\n\t\t\t\t\t\t<div class=\"elementor-container elementor-column-gap-default\">\n\t\t\t\t\t\t\t<div class=\"elementor-row\">\n\t\t\t\t\t<div class=\"elementor-column elementor-col-50 elementor-top-column elementor-element elementor-element-5132bcd\" data-id=\"5132bcd\" data-element_type=\"column\">\n\t\t\t<div class=\"elementor-column-wrap elementor-element-populated\">\n\t\t\t\t\t\t\t<div class=\"elementor-widget-wrap\">\n\t\t\t\t\t\t<div class=\"elementor-element elementor-element-cbc59df elementor-widget elementor-widget-image\" data-id=\"cbc59df\" data-element_type=\"widget\" data-widget_type=\"image.default\">\n\t\t\t\t<div class=\"elementor-widget-container\">\n\t\t\t\t\t\t\t\t<div class=\"elementor-image\">\n\t\t\t\t\t\t\t\t\t\t\t\t<img decoding=\"async\" src=\"https:\/\/www.troesser-art.de\/wp-content\/uploads\/2021\/08\/DSC_0235-scaled.jpg?v=1630055844\" title=\"DSC_0235\" alt=\"DSC_0235\" \/>\t\t\t\t\t\t\t\t\t\t\t\t\t\t<\/div>\n\t\t\t\t\t\t<\/div>\n\t\t\t\t<\/div>\n\t\t\t\t\t\t<\/div>\n\t\t\t\t\t<\/div>\n\t\t<\/div>\n\t\t\t\t<div class=\"elementor-column elementor-col-50 elementor-top-column elementor-element elementor-element-84e7ad6\" data-id=\"84e7ad6\" data-element_type=\"column\">\n\t\t\t<div class=\"elementor-column-wrap elementor-element-populated\">\n\t\t\t\t\t\t\t<div class=\"elementor-widget-wrap\">\n\t\t\t\t\t\t<div class=\"elementor-element elementor-element-615e282 elementor-invisible elementor-widget elementor-widget-image\" data-id=\"615e282\" data-element_type=\"widget\" data-settings=\"{&quot;_animation&quot;:&quot;fadeIn&quot;}\" data-widget_type=\"image.default\">\n\t\t\t\t<div class=\"elementor-widget-container\">\n\t\t\t\t\t\t\t\t<div class=\"elementor-image\">\n\t\t\t\t\t\t\t\t\t\t\t\t<img decoding=\"async\" src=\"https:\/\/www.troesser-art.de\/wp-content\/uploads\/2021\/08\/DSC_0236-550x400.jpg?v=1630055855\" title=\"DSC_0236\" alt=\"DSC_0236\" \/>\t\t\t\t\t\t\t\t\t\t\t\t\t\t<\/div>\n\t\t\t\t\t\t<\/div>\n\t\t\t\t<\/div>\n\t\t\t\t\t\t<\/div>\n\t\t\t\t\t<\/div>\n\t\t<\/div>\n\t\t\t\t\t\t\t\t<\/div>\n\t\t\t\t\t<\/div>\n\t\t<\/section>\n\t\t\t\t<section class=\"elementor-section elementor-top-section elementor-element elementor-element-eb5489b elementor-section-boxed elementor-section-height-default elementor-section-height-default\" data-id=\"eb5489b\" data-element_type=\"section\">\n\t\t\t\t\t\t<div class=\"elementor-container elementor-column-gap-default\">\n\t\t\t\t\t\t\t<div class=\"elementor-row\">\n\t\t\t\t\t<div class=\"elementor-column elementor-col-100 elementor-top-column elementor-element elementor-element-d19de03\" data-id=\"d19de03\" data-element_type=\"column\">\n\t\t\t<div class=\"elementor-column-wrap elementor-element-populated\">\n\t\t\t\t\t\t\t<div class=\"elementor-widget-wrap\">\n\t\t\t\t\t\t<div class=\"elementor-element elementor-element-08730d0 elementor-widget elementor-widget-text-editor\" data-id=\"08730d0\" data-element_type=\"widget\" data-widget_type=\"text-editor.default\">\n\t\t\t\t<div class=\"elementor-widget-container\">\n\t\t\t\t\t\t\t\t<div class=\"elementor-text-editor elementor-clearfix\">\n\t\t\t\t<p align=\"JUSTIFY\"><span style=\"font-family: Arial, sans-serif;\">Schon n\u00e4her an der Zukunft war in diesem Band das Kapitel <strong><i>\u201eTraumautos\u201c<\/i><\/strong>, bei dem vor allem der Konzeptwagen <strong>Le Sarbe<\/strong> (der S\u00e4bel) von General Motors im Mittelpunkt steht, der schon 1960 in Serie gehen sollte. Viele, auch heute selbstverst\u00e4ndliche Dinge wie elektrisches Cabrioverdeck, Scheibenwaschvorrichtung, automatischer Verdeckverschluss bei Regen, Lautsprecher, Aschenbecher usw. waren in dem \u201eTraumauto\u201c bereits verbaut. Durch Leichtmetalle sollte der Wagen bei 335 PS und einem Gewicht von 257 KG eine H\u00f6chstgeschwindigkeit von 280 km\/h schaffen. Allerdings: \u201c<i>Das Fahrzeug sollte nicht durch schlechtes Tankstellenbenzin bewegt werden, sondern mit dem Flugzeugtreibstoff Methylalkohol, dem Besten vom Besten, gef\u00fcttert werden.\u201c<\/i> Mit Natrium wollte man die hohen Temperaturen des Motors k\u00fchlen. Also: Schon damals dachte man \u00fcber alternative Antriebsstoffe nach (sicher nicht wegen der Umweltverschmutzung, sondern h\u00f6herer Leistung) und viele <strong>technische Details und Ideenreichtum der Ingenieure haben es tats\u00e4chlich in die Jetztzeit geschafft. Allerdings ist das Traumauto selbst nie in Serie gegangen.<\/strong><\/span><\/p>\t\t\t\t\t<\/div>\n\t\t\t\t\t\t<\/div>\n\t\t\t\t<\/div>\n\t\t\t\t\t\t<\/div>\n\t\t\t\t\t<\/div>\n\t\t<\/div>\n\t\t\t\t\t\t\t\t<\/div>\n\t\t\t\t\t<\/div>\n\t\t<\/section>\n\t\t\t\t<section class=\"elementor-section elementor-top-section elementor-element elementor-element-017897a elementor-section-boxed elementor-section-height-default elementor-section-height-default\" data-id=\"017897a\" data-element_type=\"section\">\n\t\t\t\t\t\t<div class=\"elementor-container elementor-column-gap-default\">\n\t\t\t\t\t\t\t<div class=\"elementor-row\">\n\t\t\t\t\t<div class=\"elementor-column elementor-col-50 elementor-top-column elementor-element elementor-element-eeced59\" data-id=\"eeced59\" data-element_type=\"column\">\n\t\t\t<div class=\"elementor-column-wrap elementor-element-populated\">\n\t\t\t\t\t\t\t<div class=\"elementor-widget-wrap\">\n\t\t\t\t\t\t<div class=\"elementor-element elementor-element-4a0c85c elementor-widget elementor-widget-image\" data-id=\"4a0c85c\" data-element_type=\"widget\" data-widget_type=\"image.default\">\n\t\t\t\t<div class=\"elementor-widget-container\">\n\t\t\t\t\t\t\t\t<div class=\"elementor-image\">\n\t\t\t\t\t\t\t\t\t<figure class=\"wp-caption\">\n\t\t\t\t\t\t\t\t\t\t<img decoding=\"async\" src=\"https:\/\/www.troesser-art.de\/wp-content\/uploads\/2021\/08\/DSC_0239-scaled.jpg?v=1630054628\" title=\"DSC_0239\" alt=\"DSC_0239\" \/>\t\t\t\t\t\t\t\t\t\t\t<figcaption class=\"widget-image-caption wp-caption-text\"><\/figcaption>\n\t\t\t\t\t\t\t\t\t\t<\/figure>\n\t\t\t\t\t\t\t\t<\/div>\n\t\t\t\t\t\t<\/div>\n\t\t\t\t<\/div>\n\t\t\t\t\t\t<\/div>\n\t\t\t\t\t<\/div>\n\t\t<\/div>\n\t\t\t\t<div class=\"elementor-column elementor-col-50 elementor-top-column elementor-element elementor-element-9caa38b\" data-id=\"9caa38b\" data-element_type=\"column\">\n\t\t\t<div class=\"elementor-column-wrap elementor-element-populated\">\n\t\t\t\t\t\t\t<div class=\"elementor-widget-wrap\">\n\t\t\t\t\t\t<div class=\"elementor-element elementor-element-b4e0a81 elementor-widget elementor-widget-text-editor\" data-id=\"b4e0a81\" data-element_type=\"widget\" data-widget_type=\"text-editor.default\">\n\t\t\t\t<div class=\"elementor-widget-container\">\n\t\t\t\t\t\t\t\t<div class=\"elementor-text-editor elementor-clearfix\">\n\t\t\t\t<p align=\"JUSTIFY\"><span style=\"font-family: Arial, sans-serif;\">Auch die \u00dcberlegung, <strong><i>\u201eEisenbahnen so schnell wie Flugzeuge\u201c<\/i><\/strong> zu konstruieren, hat es schon damals gegeben. Schienenfahrzeuge, die auf Betontr\u00e4gerkonstruktionen pfeilschnell bis zu 300 km\/h erreichen, sind immer wieder entworfen worden, haben es aber <strong>nicht bis in die Jetztzeit geschafft,<\/strong> das Thema <i>\u201cMit dreihundert Sachen in die Kurve\u201c<\/i> ist damit abgehandelt.<\/span><\/p>\t\t\t\t\t<\/div>\n\t\t\t\t\t\t<\/div>\n\t\t\t\t<\/div>\n\t\t\t\t\t\t<\/div>\n\t\t\t\t\t<\/div>\n\t\t<\/div>\n\t\t\t\t\t\t\t\t<\/div>\n\t\t\t\t\t<\/div>\n\t\t<\/section>\n\t\t\t\t<section class=\"elementor-section elementor-top-section elementor-element elementor-element-1e5ca4a elementor-section-boxed elementor-section-height-default elementor-section-height-default\" data-id=\"1e5ca4a\" data-element_type=\"section\">\n\t\t\t\t\t\t<div class=\"elementor-container elementor-column-gap-default\">\n\t\t\t\t\t\t\t<div class=\"elementor-row\">\n\t\t\t\t\t<div class=\"elementor-column elementor-col-66 elementor-top-column elementor-element elementor-element-71e506d\" data-id=\"71e506d\" data-element_type=\"column\">\n\t\t\t<div class=\"elementor-column-wrap elementor-element-populated\">\n\t\t\t\t\t\t\t<div class=\"elementor-widget-wrap\">\n\t\t\t\t\t\t<div class=\"elementor-element elementor-element-e6430c1 elementor-widget elementor-widget-text-editor\" data-id=\"e6430c1\" data-element_type=\"widget\" data-widget_type=\"text-editor.default\">\n\t\t\t\t<div class=\"elementor-widget-container\">\n\t\t\t\t\t\t\t\t<div class=\"elementor-text-editor elementor-clearfix\">\n\t\t\t\t<p align=\"JUSTIFY\"><span style=\"font-family: Arial, sans-serif;\">Spannend in dem Zusammenhang auch das Kapitel: <strong><i>\u201cDer Omnibus am Fahrdraht\u201c<\/i>.<\/strong> Ankn\u00fcpfend an den ersten Obus, den Werner von Siemens schon 1882 als gleisloses elektrisches Stra\u00dfenfahrzeug konstruiert hatte, wird hier der <i>\u201eschnittige und elegant aussehende\u201c<\/i> Obus vorgestellt, der <i>\u201edie Stra\u00dfenbahn verdr\u00e4ngen\u201c<\/i> wird. Es hat solche Trolleybusse gegeben, aber verdr\u00e4ngt haben sie die Stra\u00dfenbahnen nicht. <strong>Interessant allerdings sind diese \u00dcberlegungen bez\u00fcglich der elektrisch angetriebenen Fahrzeuge der Jetztzeit.<\/strong><\/span><\/p><p align=\"JUSTIFY\"><span style=\"font-family: Arial, sans-serif;\">Auch aus den fliegenden Autos, mit denen man das immer st\u00e4rker werdende Verkehrsaufkommen regulieren wollte, <strong>ist bis heute nichts geworden<\/strong>. Die kreativen Konstruktionen sind\u00a0 reine Versuchsfahrzeuge geblieben, wie z.B. das fliegende Auto <em><strong>\u201eAirphibian\u201c<\/strong><\/em>, das sich mit wenigen Handgriffen von einem Kleinwagen zu einem Kleinflugzeug umbauen lie\u00df.<\/span><\/p>\t\t\t\t\t<\/div>\n\t\t\t\t\t\t<\/div>\n\t\t\t\t<\/div>\n\t\t\t\t<div class=\"elementor-element elementor-element-430ec79 elementor-widget elementor-widget-image\" data-id=\"430ec79\" data-element_type=\"widget\" data-widget_type=\"image.default\">\n\t\t\t\t<div class=\"elementor-widget-container\">\n\t\t\t\t\t\t\t\t<div class=\"elementor-image\">\n\t\t\t\t\t\t\t\t\t\t\t\t<img loading=\"lazy\" decoding=\"async\" width=\"700\" height=\"483\" src=\"https:\/\/www.troesser-art.de\/wp-content\/uploads\/2021\/08\/DSC_0240-e1630180085756-700x483.jpg?v=1630054634\" class=\"attachment-large size-large\" alt=\"\" srcset=\"https:\/\/www.troesser-art.de\/wp-content\/uploads\/2021\/08\/DSC_0240-e1630180085756-700x483.jpg?v=1630054634 700w, https:\/\/www.troesser-art.de\/wp-content\/uploads\/2021\/08\/DSC_0240-e1630180085756-768x530.jpg?v=1630054634 768w, https:\/\/www.troesser-art.de\/wp-content\/uploads\/2021\/08\/DSC_0240-e1630180085756-1536x1060.jpg?v=1630054634 1536w, https:\/\/www.troesser-art.de\/wp-content\/uploads\/2021\/08\/DSC_0240-e1630180085756-2048x1413.jpg?v=1630054634 2048w, https:\/\/www.troesser-art.de\/wp-content\/uploads\/2021\/08\/DSC_0240-e1630180085756-830x573.jpg?v=1630054634 830w, https:\/\/www.troesser-art.de\/wp-content\/uploads\/2021\/08\/DSC_0240-e1630180085756-230x159.jpg?v=1630054634 230w, https:\/\/www.troesser-art.de\/wp-content\/uploads\/2021\/08\/DSC_0240-e1630180085756-350x241.jpg?v=1630054634 350w, https:\/\/www.troesser-art.de\/wp-content\/uploads\/2021\/08\/DSC_0240-e1630180085756-480x331.jpg?v=1630054634 480w\" sizes=\"auto, (max-width: 700px) 100vw, 700px\" \/>\t\t\t\t\t\t\t\t\t\t\t\t\t\t<\/div>\n\t\t\t\t\t\t<\/div>\n\t\t\t\t<\/div>\n\t\t\t\t\t\t<\/div>\n\t\t\t\t\t<\/div>\n\t\t<\/div>\n\t\t\t\t<div class=\"elementor-column elementor-col-33 elementor-top-column elementor-element elementor-element-9bd8226\" data-id=\"9bd8226\" data-element_type=\"column\">\n\t\t\t<div class=\"elementor-column-wrap elementor-element-populated\">\n\t\t\t\t\t\t\t<div class=\"elementor-widget-wrap\">\n\t\t\t\t\t\t<div class=\"elementor-element elementor-element-689e206 elementor-widget elementor-widget-image\" data-id=\"689e206\" data-element_type=\"widget\" data-widget_type=\"image.default\">\n\t\t\t\t<div class=\"elementor-widget-container\">\n\t\t\t\t\t\t\t\t<div class=\"elementor-image\">\n\t\t\t\t\t\t\t\t\t\t\t\t<img decoding=\"async\" src=\"https:\/\/www.troesser-art.de\/wp-content\/uploads\/elementor\/thumbs\/DSC_0234-scaled-qqgt6zdk1tqmjyohnzzad27315rp2pqud6mcaqs8fi.jpg?v=1630055836\" title=\"DSC_0234\" alt=\"DSC_0234\" \/>\t\t\t\t\t\t\t\t\t\t\t\t\t\t<\/div>\n\t\t\t\t\t\t<\/div>\n\t\t\t\t<\/div>\n\t\t\t\t<div class=\"elementor-element elementor-element-fd94309 elementor-widget elementor-widget-image\" data-id=\"fd94309\" data-element_type=\"widget\" data-widget_type=\"image.default\">\n\t\t\t\t<div class=\"elementor-widget-container\">\n\t\t\t\t\t\t\t\t<div class=\"elementor-image\">\n\t\t\t\t\t\t\t\t\t\t\t\t<img loading=\"lazy\" decoding=\"async\" width=\"700\" height=\"868\" src=\"https:\/\/www.troesser-art.de\/wp-content\/uploads\/2021\/08\/DSC_0252-700x868.jpg\" class=\"attachment-large size-large\" alt=\"\" srcset=\"https:\/\/www.troesser-art.de\/wp-content\/uploads\/2021\/08\/DSC_0252-700x868.jpg 700w, https:\/\/www.troesser-art.de\/wp-content\/uploads\/2021\/08\/DSC_0252-768x952.jpg 768w, https:\/\/www.troesser-art.de\/wp-content\/uploads\/2021\/08\/DSC_0252-1239x1536.jpg 1239w, https:\/\/www.troesser-art.de\/wp-content\/uploads\/2021\/08\/DSC_0252-830x1029.jpg 830w, https:\/\/www.troesser-art.de\/wp-content\/uploads\/2021\/08\/DSC_0252-230x285.jpg 230w, https:\/\/www.troesser-art.de\/wp-content\/uploads\/2021\/08\/DSC_0252-350x434.jpg 350w, https:\/\/www.troesser-art.de\/wp-content\/uploads\/2021\/08\/DSC_0252-480x595.jpg 480w, https:\/\/www.troesser-art.de\/wp-content\/uploads\/2021\/08\/DSC_0252.jpg 1351w\" sizes=\"auto, (max-width: 700px) 100vw, 700px\" \/>\t\t\t\t\t\t\t\t\t\t\t\t\t\t<\/div>\n\t\t\t\t\t\t<\/div>\n\t\t\t\t<\/div>\n\t\t\t\t<div class=\"elementor-element elementor-element-928db27 elementor-widget elementor-widget-image\" data-id=\"928db27\" data-element_type=\"widget\" data-widget_type=\"image.default\">\n\t\t\t\t<div class=\"elementor-widget-container\">\n\t\t\t\t\t\t\t\t<div class=\"elementor-image\">\n\t\t\t\t\t\t\t\t\t\t\t\t<img decoding=\"async\" src=\"https:\/\/www.troesser-art.de\/wp-content\/uploads\/elementor\/thumbs\/DSC_0241-scaled-e1630180499222-qqgt9ldjddrkzkzbw9slhh6bkekhwdm03z94bep58y.jpg?v=1630180464\" title=\"DSC_02412\" alt=\"DSC_02412\" \/>\t\t\t\t\t\t\t\t\t\t\t\t\t\t<\/div>\n\t\t\t\t\t\t<\/div>\n\t\t\t\t<\/div>\n\t\t\t\t\t\t<\/div>\n\t\t\t\t\t<\/div>\n\t\t<\/div>\n\t\t\t\t\t\t\t\t<\/div>\n\t\t\t\t\t<\/div>\n\t\t<\/section>\n\t\t\t\t<section class=\"elementor-section elementor-top-section elementor-element elementor-element-42f7b12 elementor-section-boxed elementor-section-height-default elementor-section-height-default\" data-id=\"42f7b12\" data-element_type=\"section\">\n\t\t\t\t\t\t<div class=\"elementor-container elementor-column-gap-default\">\n\t\t\t\t\t\t\t<div class=\"elementor-row\">\n\t\t\t\t\t<div class=\"elementor-column elementor-col-50 elementor-top-column elementor-element elementor-element-9a6ded6\" data-id=\"9a6ded6\" data-element_type=\"column\">\n\t\t\t<div class=\"elementor-column-wrap\">\n\t\t\t\t\t\t\t<div class=\"elementor-widget-wrap\">\n\t\t\t\t\t\t\t\t<\/div>\n\t\t\t\t\t<\/div>\n\t\t<\/div>\n\t\t\t\t<div class=\"elementor-column elementor-col-50 elementor-top-column elementor-element elementor-element-3eee506\" data-id=\"3eee506\" data-element_type=\"column\">\n\t\t\t<div class=\"elementor-column-wrap\">\n\t\t\t\t\t\t\t<div class=\"elementor-widget-wrap\">\n\t\t\t\t\t\t\t\t<\/div>\n\t\t\t\t\t<\/div>\n\t\t<\/div>\n\t\t\t\t\t\t\t\t<\/div>\n\t\t\t\t\t<\/div>\n\t\t<\/section>\n\t\t\t\t<section class=\"elementor-section elementor-top-section elementor-element elementor-element-d2d9051 elementor-section-boxed elementor-section-height-default elementor-section-height-default\" data-id=\"d2d9051\" data-element_type=\"section\">\n\t\t\t\t\t\t<div class=\"elementor-container elementor-column-gap-default\">\n\t\t\t\t\t\t\t<div class=\"elementor-row\">\n\t\t\t\t\t<div class=\"elementor-column elementor-col-100 elementor-top-column elementor-element elementor-element-a85519a\" data-id=\"a85519a\" data-element_type=\"column\">\n\t\t\t<div class=\"elementor-column-wrap elementor-element-populated\">\n\t\t\t\t\t\t\t<div class=\"elementor-widget-wrap\">\n\t\t\t\t\t\t<div class=\"elementor-element elementor-element-1ed1bfe elementor-widget elementor-widget-text-editor\" data-id=\"1ed1bfe\" data-element_type=\"widget\" data-widget_type=\"text-editor.default\">\n\t\t\t\t<div class=\"elementor-widget-container\">\n\t\t\t\t\t\t\t\t<div class=\"elementor-text-editor elementor-clearfix\">\n\t\t\t\t<p align=\"JUSTIFY\"><span style=\"font-family: Arial, sans-serif;\">Schon n\u00e4her an der Zukunft ist das Kapitel: <em><strong>\u201cEin Bild wandert durch 1000 Elektror\u00f6hren\u201c<\/strong><\/em>. Es geht um die Bildr\u00f6hre und den Beginn des Fernsehens, heute selbstverst\u00e4ndlicher Teil unserer Alltagskultur. \u201c<i>In einem Fernsehstudio. Um eine Handlung in einem Fernsehspiel lebendig zu halten, m\u00fcssen die Szenen dicht aufeinander folgen. Hier sind zwei Kameras auf die Theaterszene im Hintergrund gerichtet, w\u00e4hrend die dritte Kamera den kost\u00fcmierten Ansager aufnimmt.&#8221;<\/i>. Interessant in diesem Kapitel sind auch die technischen Konstruktionszeichnungen, die vor allem den jungen Erwachsenen die Funktion der &#8220;Bildr\u00f6hre&#8221; n\u00e4her bringen sollte. Fazit: <\/span><span style=\"font-family: Arial, sans-serif;\">\u00a0Hier wurden die Grundlagen gelegt und erkl\u00e4rt f\u00fcr das noch heute G\u00fcltige: \u201cBehaglich in den eigenen vier W\u00e4nden sitzend einer Sportveranstaltung beiwohnen, weit ab von L\u00e4rm und Trubel. <strong>Also: Daumen hoch.<\/strong><\/span><\/p>\t\t\t\t\t<\/div>\n\t\t\t\t\t\t<\/div>\n\t\t\t\t<\/div>\n\t\t\t\t\t\t<\/div>\n\t\t\t\t\t<\/div>\n\t\t<\/div>\n\t\t\t\t\t\t\t\t<\/div>\n\t\t\t\t\t<\/div>\n\t\t<\/section>\n\t\t\t\t<section class=\"elementor-section elementor-top-section elementor-element elementor-element-6e21f8b elementor-section-boxed elementor-section-height-default elementor-section-height-default\" data-id=\"6e21f8b\" data-element_type=\"section\">\n\t\t\t\t\t\t<div class=\"elementor-container elementor-column-gap-default\">\n\t\t\t\t\t\t\t<div class=\"elementor-row\">\n\t\t\t\t\t<div class=\"elementor-column elementor-col-50 elementor-top-column elementor-element elementor-element-85564e0\" data-id=\"85564e0\" data-element_type=\"column\">\n\t\t\t<div class=\"elementor-column-wrap elementor-element-populated\">\n\t\t\t\t\t\t\t<div class=\"elementor-widget-wrap\">\n\t\t\t\t\t\t<div class=\"elementor-element elementor-element-61683a0 elementor-widget elementor-widget-image\" data-id=\"61683a0\" data-element_type=\"widget\" data-widget_type=\"image.default\">\n\t\t\t\t<div class=\"elementor-widget-container\">\n\t\t\t\t\t\t\t\t<div class=\"elementor-image\">\n\t\t\t\t\t\t\t\t\t\t\t\t<img loading=\"lazy\" decoding=\"async\" width=\"700\" height=\"3595\" src=\"https:\/\/www.troesser-art.de\/wp-content\/uploads\/2021\/08\/DSC_0259-700x3595.jpg\" class=\"attachment-large size-large\" alt=\"\" srcset=\"https:\/\/www.troesser-art.de\/wp-content\/uploads\/2021\/08\/DSC_0259-700x3595.jpg 700w, https:\/\/www.troesser-art.de\/wp-content\/uploads\/2021\/08\/DSC_0259-299x1536.jpg 299w, https:\/\/www.troesser-art.de\/wp-content\/uploads\/2021\/08\/DSC_0259-399x2048.jpg 399w, https:\/\/www.troesser-art.de\/wp-content\/uploads\/2021\/08\/DSC_0259-230x1181.jpg 230w, https:\/\/www.troesser-art.de\/wp-content\/uploads\/2021\/08\/DSC_0259-350x1797.jpg 350w, https:\/\/www.troesser-art.de\/wp-content\/uploads\/2021\/08\/DSC_0259-480x2465.jpg 480w\" sizes=\"auto, (max-width: 700px) 100vw, 700px\" \/>\t\t\t\t\t\t\t\t\t\t\t\t\t\t<\/div>\n\t\t\t\t\t\t<\/div>\n\t\t\t\t<\/div>\n\t\t\t\t\t\t<\/div>\n\t\t\t\t\t<\/div>\n\t\t<\/div>\n\t\t\t\t<div class=\"elementor-column elementor-col-50 elementor-top-column elementor-element elementor-element-f710da6\" data-id=\"f710da6\" data-element_type=\"column\">\n\t\t\t<div class=\"elementor-column-wrap elementor-element-populated\">\n\t\t\t\t\t\t\t<div class=\"elementor-widget-wrap\">\n\t\t\t\t\t\t<div class=\"elementor-element elementor-element-f505d16 elementor-widget elementor-widget-image\" data-id=\"f505d16\" data-element_type=\"widget\" data-widget_type=\"image.default\">\n\t\t\t\t<div class=\"elementor-widget-container\">\n\t\t\t\t\t\t\t\t<div class=\"elementor-image\">\n\t\t\t\t\t\t\t\t\t\t\t\t<img decoding=\"async\" src=\"https:\/\/www.troesser-art.de\/wp-content\/uploads\/elementor\/thumbs\/DSC_0244-1-scaled-qqgt9swapu3x1pa1frnitpj5yemlk8ixrqdxcfdj3o.jpg?v=1630069247\" title=\"DSC_0244\" alt=\"DSC_0244\" \/>\t\t\t\t\t\t\t\t\t\t\t\t\t\t<\/div>\n\t\t\t\t\t\t<\/div>\n\t\t\t\t<\/div>\n\t\t\t\t<div class=\"elementor-element elementor-element-edf4c52 elementor-widget elementor-widget-text-editor\" data-id=\"edf4c52\" data-element_type=\"widget\" data-widget_type=\"text-editor.default\">\n\t\t\t\t<div class=\"elementor-widget-container\">\n\t\t\t\t\t\t\t\t<div class=\"elementor-text-editor elementor-clearfix\">\n\t\t\t\t<p align=\"JUSTIFY\"><span style=\"font-family: Arial, sans-serif;\">Spannend auch das Kapitel:<em><strong>\u201cWas werden wir morgen essen?\u201c <\/strong><\/em>vom Autor Albert von Haller (\u201eDurch die weite Welt\u201c, 1958). Ihm geht es um die Relation zwischen Weltbev\u00f6lkerung und Nahrungsmitteln. Nach ausgiebigen Theorien, wie durch spezielle Z\u00fcchtungen, den Fischreserven von Ozeanen und globalen Lieferketten die Weltbev\u00f6lkerung schon 1953 gen\u00fcgend ern\u00e4hrt werden k\u00f6nnte, werden im Anschluss \u00dcberlegungen zur zuk\u00fcnftigen Entwicklung gestellt: <i>\u201cUnd was geschieht nach dem Jahr 1980? Wenn wir die gelernten Fachleute fragen, ob die Erde 10 Milliarden Menschen und mehr ern\u00e4hren k\u00f6nne, so erhalten wir gegens\u00e4tzliche Antworten. Die einen sehen vertrauensvoll in die Zukunft und meinen, dass unsere alte, brave Erde noch weit mehr Menschen satt machen k\u00f6nne. Andere erblicken einen Ausweg nur in einer Verringerung der Geburtenzahl, und sie hoffen, dass der geheimnisvolle Rhythmus des Lebens von selbst wieder zu einer geringeren Erdbev\u00f6lkerung f\u00fchrt. Das bleiben indes nur Vermutungen. Fest steht nur die Tatsache, dass die Menschheit k\u00fcnftig gezwungen sein wird, sich eingehender um ihre Ern\u00e4hrung zu k\u00fcmmern als in den letzten 100 Jahren. Wenn die Erdbev\u00f6lkerung auf mehr als 5 Milliarden steigt, werden die Menschen ihre Gewohnheiten in mancher Hinsicht \u00e4ndern m\u00fcssen.\u201c<\/i> Und dann folgt der wirklich zukunftsweisenden Schluss: <i>\u201cWie dem auch immer sei, vor uns steht die Aufgabe, nicht durch eine Raubwirtschaft, sondern im Gegenteil durch eine F\u00f6rderung der Fruchtbarkeit und der Lebenskraft unserer Erde die Nahrungsgrundlage der Menschheit zu erweitern\u201c.<\/i><\/span><\/p><p align=\"JUSTIFY\"><span style=\"font-family: Arial, sans-serif;\">Heute betr\u00e4gt die Weltbev\u00f6lkerung ca. 7,9 Milliarden Menschen und die hier schon vor fast 70 Jahren den Jugendlichen n\u00e4her gebrachten \u00dcberlegungen sind aktueller denn je. <strong>Also: Eindeutig Daumen hoch.<\/strong><\/span><\/p>\t\t\t\t\t<\/div>\n\t\t\t\t\t\t<\/div>\n\t\t\t\t<\/div>\n\t\t\t\t\t\t<\/div>\n\t\t\t\t\t<\/div>\n\t\t<\/div>\n\t\t\t\t\t\t\t\t<\/div>\n\t\t\t\t\t<\/div>\n\t\t<\/section>\n\t\t\t\t<section class=\"elementor-section elementor-top-section elementor-element elementor-element-3ffbeee elementor-section-boxed elementor-section-height-default elementor-section-height-default\" data-id=\"3ffbeee\" data-element_type=\"section\">\n\t\t\t\t\t\t<div class=\"elementor-container elementor-column-gap-default\">\n\t\t\t\t\t\t\t<div class=\"elementor-row\">\n\t\t\t\t\t<div class=\"elementor-column elementor-col-100 elementor-top-column elementor-element elementor-element-a0c808e\" data-id=\"a0c808e\" data-element_type=\"column\">\n\t\t\t<div class=\"elementor-column-wrap elementor-element-populated\">\n\t\t\t\t\t\t\t<div class=\"elementor-widget-wrap\">\n\t\t\t\t\t\t<div class=\"elementor-element elementor-element-29b10a5 elementor-widget elementor-widget-text-editor\" data-id=\"29b10a5\" data-element_type=\"widget\" data-widget_type=\"text-editor.default\">\n\t\t\t\t<div class=\"elementor-widget-container\">\n\t\t\t\t\t\t\t\t<div class=\"elementor-text-editor elementor-clearfix\">\n\t\t\t\t<p>&#8230;..Serie wird fortgesetzt<\/p><p><span style=\"color: var( --e-global-color-text ); font-family: var( --e-global-typography-text-font-family ), Sans-serif; font-size: var( --e-global-typography-text-font-size ); font-style: var( --e-global-typography-text-font-style ); font-weight: var( --e-global-typography-text-font-weight ); letter-spacing: var( --e-global-typography-text-letter-spacing ); text-transform: var( --e-global-typography-text-text-transform );\">Hinweis:\u00a0 \u00a0 \u00a0 \u00a0 \u00a0 \u00a0 \u00a0 \u00a0 \u00a0 \u00a0 \u00a0 \u00a0 \u00a0 \u00a0 \u00a0 \u00a0 \u00a0 \u00a0 \u00a0 \u00a0 \u00a0 \u00a0 \u00a0 \u00a0 \u00a0 \u00a0 \u00a0 \u00a0 \u00a0 \u00a0 \u00a0 \u00a0 \u00a0 \u00a0 \u00a0 \u00a0 \u00a0 \u00a0 \u00a0 \u00a0 \u00a0 \u00a0 \u00a0 \u00a0 \u00a0 \u00a0 \u00a0 \u00a0 \u00a0 \u00a0 \u00a0 \u00a0 \u00a0 \u00a0 \u00a0 \u00a0 \u00a0 \u00a0 \u00a0 \u00a0 \u00a0 \u00a0 \u00a0 \u00a0 \u00a0 \u00a0 \u00a0 \u00a0 \u00a0 \u00a0 \u00a0 \u00a0 \u00a0 \u00a0 Alle Bild- und Textzitate stammen aus:\u00a0 \u00a0 \u00a0 \u00a0 \u00a0 \u00a0 \u00a0 \u00a0 \u00a0 \u00a0 \u00a0 \u00a0 \u00a0 \u00a0 \u00a0 \u00a0 \u00a0 \u00a0 \u00a0 \u00a0 \u00a0 \u00a0 \u00a0 \u00a0 \u00a0 \u00a0 \u00a0 \u00a0 \u00a0 \u00a0 \u00a0 \u00a0 \u00a0 \u00a0 \u00a0 \u00a0 \u00a0 \u00a0 \u00a0 \u00a0 \u00a0 \u00a0 \u00a0 \u00a0 \u00a0 \u00a0 \u00a01.\u00a0<\/span><span style=\"color: var( --e-global-color-text ); font-family: var( --e-global-typography-text-font-family ), Sans-serif; font-size: var( --e-global-typography-text-font-size ); font-style: var( --e-global-typography-text-font-style ); font-weight: var( --e-global-typography-text-font-weight ); letter-spacing: var( --e-global-typography-text-letter-spacing ); text-transform: var( --e-global-typography-text-text-transform );\">&#8220;Das neue Universum&#8221; B\u00e4nde :70\/71\/77\u00a0 Union Deutsche Verlagsgesellschaft Stuttgart\u00a0 \u00a0 \u00a0 \u00a0 \u00a0 \u00a0 \u00a0 \u00a0 \u00a02. &#8220;Durch die weite Welt&#8221;, B\u00e4nde : 32\/37, Franckh\u00b4sche Verlagshandlung Keller&amp;Co, Stuttgart<\/span><\/p><p>\u00a0<\/p>\t\t\t\t\t<\/div>\n\t\t\t\t\t\t<\/div>\n\t\t\t\t<\/div>\n\t\t\t\t\t\t<\/div>\n\t\t\t\t\t<\/div>\n\t\t<\/div>\n\t\t\t\t\t\t\t\t<\/div>\n\t\t\t\t\t<\/div>\n\t\t<\/section>\n\t\t\t\t\t\t\t\t\t<\/div>\n\t\t\t<\/div>\n\t\t\t\t\t<\/div>\n\t\t","protected":false},"excerpt":{"rendered":"<p>Serie \/ Teil 2 Schon immer war und ist auch heute noch der Blick in die Zukunft f\u00fcr junge Menschen von besonderer Bedeutung, weil dies vor allem ihre eigene Zukunft betrifft, d.h. in welche Zukunft sie selbst hineinwachsen werden. Denn je \u00e4lter man wir, um so mehr Zukunft hat man [&hellip;]<\/p>\n","protected":false},"author":1,"featured_media":0,"comment_status":"open","ping_status":"open","sticky":false,"template":"","format":"standard","meta":{"footnotes":""},"categories":[11,7,8,10],"tags":[],"class_list":["post-5596","post","type-post","status-publish","format-standard","hentry","category-allgemein","category-alltageskultur","category-buecher","category-nachgedacht"],"_links":{"self":[{"href":"https:\/\/www.troesser-art.de\/index.php?rest_route=\/wp\/v2\/posts\/5596","targetHints":{"allow":["GET"]}}],"collection":[{"href":"https:\/\/www.troesser-art.de\/index.php?rest_route=\/wp\/v2\/posts"}],"about":[{"href":"https:\/\/www.troesser-art.de\/index.php?rest_route=\/wp\/v2\/types\/post"}],"author":[{"embeddable":true,"href":"https:\/\/www.troesser-art.de\/index.php?rest_route=\/wp\/v2\/users\/1"}],"replies":[{"embeddable":true,"href":"https:\/\/www.troesser-art.de\/index.php?rest_route=%2Fwp%2Fv2%2Fcomments&post=5596"}],"version-history":[{"count":24,"href":"https:\/\/www.troesser-art.de\/index.php?rest_route=\/wp\/v2\/posts\/5596\/revisions"}],"predecessor-version":[{"id":7272,"href":"https:\/\/www.troesser-art.de\/index.php?rest_route=\/wp\/v2\/posts\/5596\/revisions\/7272"}],"wp:attachment":[{"href":"https:\/\/www.troesser-art.de\/index.php?rest_route=%2Fwp%2Fv2%2Fmedia&parent=5596"}],"wp:term":[{"taxonomy":"category","embeddable":true,"href":"https:\/\/www.troesser-art.de\/index.php?rest_route=%2Fwp%2Fv2%2Fcategories&post=5596"},{"taxonomy":"post_tag","embeddable":true,"href":"https:\/\/www.troesser-art.de\/index.php?rest_route=%2Fwp%2Fv2%2Ftags&post=5596"}],"curies":[{"name":"wp","href":"https:\/\/api.w.org\/{rel}","templated":true}]}}