{"id":315,"date":"2019-03-14T20:16:28","date_gmt":"2019-03-14T20:16:28","guid":{"rendered":"http:\/\/web349.c5.webspace-verkauf.de\/?p=315"},"modified":"2021-05-05T10:36:56","modified_gmt":"2021-05-05T10:36:56","slug":"die-mutige-maler-macherin-elfie-luedtke","status":"publish","type":"post","link":"https:\/\/www.troesser-art.de\/?p=315","title":{"rendered":"Die mutige Macherin Elfie L\u00fcdtke"},"content":{"rendered":"\t\t<div data-elementor-type=\"wp-post\" data-elementor-id=\"315\" class=\"elementor elementor-315\">\n\t\t\t\t\t\t<div class=\"elementor-inner\">\n\t\t\t\t<div class=\"elementor-section-wrap\">\n\t\t\t\t\t\t\t\t\t<section class=\"elementor-section elementor-top-section elementor-element elementor-element-afb3002 elementor-section-boxed elementor-section-height-default elementor-section-height-default\" data-id=\"afb3002\" data-element_type=\"section\">\n\t\t\t\t\t\t<div class=\"elementor-container elementor-column-gap-default\">\n\t\t\t\t\t\t\t<div class=\"elementor-row\">\n\t\t\t\t\t<div class=\"elementor-column elementor-col-100 elementor-top-column elementor-element elementor-element-fd7076e\" data-id=\"fd7076e\" data-element_type=\"column\">\n\t\t\t<div class=\"elementor-column-wrap elementor-element-populated\">\n\t\t\t\t\t\t\t<div class=\"elementor-widget-wrap\">\n\t\t\t\t\t\t<div class=\"elementor-element elementor-element-ab4faff elementor-widget elementor-widget-image\" data-id=\"ab4faff\" data-element_type=\"widget\" data-widget_type=\"image.default\">\n\t\t\t\t<div class=\"elementor-widget-container\">\n\t\t\t\t\t\t\t\t<div class=\"elementor-image\">\n\t\t\t\t\t\t\t\t\t\t\t\t<img loading=\"lazy\" decoding=\"async\" width=\"700\" height=\"466\" src=\"https:\/\/www.troesser-art.de\/wp-content\/uploads\/2020\/07\/DSC_0777-1024x681.jpg?v=1595492997\" class=\"attachment-large size-large\" alt=\"\" srcset=\"https:\/\/www.troesser-art.de\/wp-content\/uploads\/2020\/07\/DSC_0777-1024x681.jpg?v=1595492997 1024w, https:\/\/www.troesser-art.de\/wp-content\/uploads\/2020\/07\/DSC_0777-300x199.jpg?v=1595492997 300w, https:\/\/www.troesser-art.de\/wp-content\/uploads\/2020\/07\/DSC_0777-768x511.jpg?v=1595492997 768w, https:\/\/www.troesser-art.de\/wp-content\/uploads\/2020\/07\/DSC_0777-1536x1021.jpg?v=1595492997 1536w, https:\/\/www.troesser-art.de\/wp-content\/uploads\/2020\/07\/DSC_0777-2048x1362.jpg?v=1595492997 2048w, https:\/\/www.troesser-art.de\/wp-content\/uploads\/2020\/07\/DSC_0777-830x552.jpg?v=1595492997 830w, https:\/\/www.troesser-art.de\/wp-content\/uploads\/2020\/07\/DSC_0777-230x153.jpg?v=1595492997 230w, https:\/\/www.troesser-art.de\/wp-content\/uploads\/2020\/07\/DSC_0777-350x233.jpg?v=1595492997 350w, https:\/\/www.troesser-art.de\/wp-content\/uploads\/2020\/07\/DSC_0777-480x319.jpg?v=1595492997 480w\" sizes=\"auto, (max-width: 700px) 100vw, 700px\" \/>\t\t\t\t\t\t\t\t\t\t\t\t\t\t<\/div>\n\t\t\t\t\t\t<\/div>\n\t\t\t\t<\/div>\n\t\t\t\t<div class=\"elementor-element elementor-element-fc4f3f5 elementor-widget elementor-widget-text-editor\" data-id=\"fc4f3f5\" data-element_type=\"widget\" data-widget_type=\"text-editor.default\">\n\t\t\t\t<div class=\"elementor-widget-container\">\n\t\t\t\t\t\t\t\t<div class=\"elementor-text-editor elementor-clearfix\">\n\t\t\t\t<header class=\"entry-header\"><h3 class=\"title-post entry-title\">Der Club Ratinger Maler als Plattform f\u00fcr Kreativit\u00e4t und Kommunikation<\/h3><\/header><div class=\"entry-content\"><h3>\u00a0<em>\u201eEinige der heutigen sogenannten renommierten K\u00fcnstlerinnen und K\u00fcnstler in Ratingen haben ihre Karriere auch vor ihrem Kunststudium in dem Club Ratinger Maler begonnen, von dem sie heute nat\u00fcrlich nichts mehr wissen wollen\u201c<\/em>, sagt Elfi L\u00fctcke mit verschmitztem L\u00e4cheln, ohne Namen zu nennen.\u00a0<\/h3><h3>Sie war bereits seit dem ersten Jahr (1979) Mitglied im Club Ratinger Maler, der vom damaligen Stadtjugendpfleger und Freizeitmaler Otto Bartsch gegr\u00fcndet wurde. Seit 1980 war sie Schriftf\u00fchrerin und wurde 1986 zweite Vorsitzende. Im Jahre 2000 l\u00f6ste sie Otto Bartsch schlie\u00dflich als erste Vereinsvorsitzende ab und \u00fcbt dieses Amt bis heute aus.\u00a0<em>\u201cIn einer so langen Zeit wachsen einem der Verein und die Menschen nat\u00fcrlich ans Herz\u201c<\/em>, sagt L\u00fctcke in ihrer ruhigen und zur\u00fcckhaltenden Art nicht ohne Stolz.\u00a0<\/h3><h3>Sie kann auch stolz sein, denn in all den Jahren haben sie und der Verein viel bewegen k\u00f6nnen, bietet Menschen eine Plattform f\u00fcr deren Kunst und Kreativit\u00e4t bei gleichzeitig relativ lockerem Vereinsleben. Denn anders als z.B. in einem Sch\u00fctzenverein finden sich hier Menschen zusammen, von denen jeder f\u00fcr sich genommen ein kleiner, individueller K\u00fcnstler ist oder sein will, mal mehr, mal weniger. Entsprechend gro\u00df ist auch das Konkurrenzdenken, zu unterschiedlich die Selbsteinsch\u00e4tzung und dadurch auch der f\u00fcr manche der Vorbehalt gegen ein zu straffes Vereinskorsett.\u00a0<\/h3><h3>Vielleicht sch\u00e4tzen viele Elfi L\u00fctcke gerade deswegen, weil sie durch ihre Art ein liebenswertes aber bestimmtes Alphatier zu sein, den Club zusammenh\u00e4lt, ohne gleichzeitig zu g\u00e4ngeln. Dies gilt bei der Themenfindung oder Vorgaben ebenso wie bei den zahlreichen Ausstellungen und Veranstaltungen, die ohne ihre vielen Kontakte, ihre direkte, gleichzeitig nie \u00fcberhebliche Art und ihr geniales Organisationstalent nie zustande gekommen w\u00e4ren. Sie hat auch immer Mut, neue Dinge aufzutun, neue Wege zu gehen, neue Orte f\u00fcr Ausstellungen zu finden. Man k\u00f6nnte es\u00a0<em>Organisationskreativit\u00e4t<\/em>\u00a0nennen bei gleichzeitig hohen Grad an Verantwortungsbewusstsein und gro\u00dfem Sensorium f\u00fcr die unterschiedlichen ca. 60 Mitglieder des Vereins.\u00a0<\/h3><h3>Sie ist eine<em>\u00a0\u201eMutige Macherin\u201c,<\/em>\u00a0die lieber einmal mehr direkt anpackt, als aufw\u00e4ndig zu fragen und der es in all den Jahren gelungen ist, die Kreativit\u00e4t der Einzelnen immer wieder zu f\u00f6rdern, b\u00fcndeln und pr\u00e4sentieren. Ob bei Ausstellungen z.B. fr\u00fcher in Schloss Kalkum (<em>\u201eWunderbar, gibt es heute leider nicht mehr\u201c<\/em>) oder dem renommierten Ballhaus im Nordpark D\u00fcsseldorf, bei zahlreichen Ausstellungen in Ratingen oder bei dem j\u00e4hrlichen (nur alle 2 Jahre) Ratinger Bildkalender des Clubs, den Fahrten, z.B. nach Maubeuge oder Kokkola, aber auch dadurch, dass die Stadt Ratingen beim Club einen Ansprechpartner gefunden hat, der Karnevalswagen bemalt oder Maib\u00e4ume gestaltet.<\/h3><h3>\u00a0Aber wer ist diese Elfi L\u00fctcke, wer steckt hinter diesem Mensch, dem der Spagat zwischen Kreativit\u00e4t und Organisation seit so langer Zeit so gut gelingt? Sie wuchs in Ratingen auf und schon in der Schule gelang es ihr, anderen zu helfen, sie zu unterst\u00fctzen, vor allem bei handwerklichem Unterricht wie stricken oder h\u00e4keln, letztendlich schon fr\u00fch, Dinge zu organisierten und Verantwortung auch f\u00fcr andere zu tragen<em>\u00a0\u201enat\u00fcrlich auch, um ein wenig mein Taschengeld aufzubessern\u201c<\/em>\u00a0schmunzelt sie, die eigentlich Modezeichnerin werden wollte:\u00a0<em>\u201eAber drei Jahre zeichnen und drei Jahre schneidern waren mir dann doch zu lang\u201c.<\/em><\/h3><h3>Stattdessen arbeitete sie sich nach einer kaufm\u00e4nnischen Lehre in Ratingen hoch bis zur Fachlehrerin f\u00fcr das Fach\u00a0<em>\u201eKurzschrift und Maschinenschreiben\u201c<\/em>, das sie nach der Staatlichen Pr\u00fcfung dann an den \u201eBerufsbildenen Schulen Ratingen\u201c (sp\u00e4ter Adam-Josef-C\u00fcppers-Berufskolleg) als Lehrerin unterrichtete.\u00a0<em>\u201cDas hatte bald allerdings mehr mit Textverarbeitung, EDV und Computertechnik zu tun als mit der alten Stenoschrift\u201c<\/em>. Entsprechend ist sie heute nat\u00fcrlich eine Computerfachfrau erster G\u00fcte, die vor allem im Bereich Grafik und Bild immer dazulernt.<\/h3><h3>Zum Malen ist Elfi L\u00fctcke eher zuf\u00e4llig durch ihren Mann gekommen, den sie schon mit 17 Jahren kennengelernt, f\u00fcnf Jahre sp\u00e4ter geheiratet hat und mit dem sie bis heute in Tiefenbroich wohnt. Als n\u00e4mlich ihr erstes Kind unterwegs war, konnte sie nicht mit auf die Piste zum Skifahren. Damit sie sich nicht langweilte, schenkte ihr Mann Helmut ihr einen Kasten mit \u00d6lfarben \u2013 eine Initialz\u00fcndung, die zu einer Parallelwelt gef\u00fchrt hat, die bis heute gewachsen ist und anh\u00e4lt:<\/h3><h3><em>\u201eMalen ist f\u00fcr mich ein Ausgleich zum Stress im Alltag. Man konzentriert sich auf eine Sache und hat ein Erfolgserlebnis, wenn man sieht, was man gemacht\u00a0 hat\u201c<\/em>\u00a0sagt L\u00fctcke und vergleicht es ein wenig mit dem handwerklichen Schaffen.<em>\u201eF\u00fcr das Malen muss man ein visueller Typ sein und das, was man geschaffen hat ist eine Belohnung, die man sich selbst gew\u00e4hrt. Und nat\u00fcrlich in einer Ausstellung, denn Erfolgserlebnisse braucht jeder Mensch. Eine Bewunderung, Anerkennung und Steigerung des Selbstwertes, welche man in den 34 Jahren im Schuldienst eher selten hatte.\u201c<\/em><\/h3><h3>Neben diesen drei verschiedenen Welten, n\u00e4mlich Familie mit 2 Kindern, Lehrerin und Malen gibt es noch eine weitere Welt, mit der sie jongliert, n\u00e4mlich das Tennis. Ihr Mann ist seit \u00fcber 25 Jahren Vorsitzender des Ratinger Tennisclubs Gr\u00fcn-Wei\u00df 1911 e.V. und sie unterst\u00fctzt diese Arbeit, wo sie nur kann, z.B. indem sie zweimal im Jahr die Tenniszeitung gestaltet, obwohl sie selbst seit langer Zeit nicht mehr aktiv spielt.<\/h3><h3>Sie f\u00e4hrt daf\u00fcr leidenschaftlich gerne Ski und hat sich in vorletzten Winter\u00a0 bei einem Sturz eine Verletzung im linken Oberschenkel zugezogen, die zwar schmerzte, aber eine Powerfrau wie Elfi L\u00fctcke nicht umgehauen hat. So ist sie eben, eine Frau, auf die man sich verlassen kann, die gerade durch ihre leise aber klare Art vieles bewegt (<em>\u201eWas ich anfange, bringe ich auch zu Ende\u201c<\/em>) und der man nur w\u00fcnschen kann, dass sie noch lange genug Kraft hat, mit diesen vier Welten so erfolgreich zu jonglieren und so vielen Menschen eine Plattform f\u00fcr deren eigene Kreativit\u00e4t bieten kann.<\/h3><\/div>\t\t\t\t\t<\/div>\n\t\t\t\t\t\t<\/div>\n\t\t\t\t<\/div>\n\t\t\t\t\t\t<\/div>\n\t\t\t\t\t<\/div>\n\t\t<\/div>\n\t\t\t\t\t\t\t\t<\/div>\n\t\t\t\t\t<\/div>\n\t\t<\/section>\n\t\t\t\t\t\t\t\t\t<\/div>\n\t\t\t<\/div>\n\t\t\t\t\t<\/div>\n\t\t","protected":false},"excerpt":{"rendered":"<p>Der Club Ratinger Maler als Plattform f\u00fcr Kreativit\u00e4t und Kommunikation &nbsp;\u201eEinige der heutigen sogenannten renommierten K\u00fcnstlerinnen und K\u00fcnstler in Ratingen haben ihre Karriere auch vor ihrem Kunststudium in dem Club Ratinger Maler begonnen, von dem sie heute nat\u00fcrlich nichts mehr wissen wollen\u201c, sagt Elfi L\u00fctcke mit verschmitztem L\u00e4cheln, ohne Namen [&hellip;]<\/p>\n","protected":false},"author":1,"featured_media":0,"comment_status":"closed","ping_status":"closed","sticky":false,"template":"","format":"standard","meta":{"footnotes":""},"categories":[7,13,12],"tags":[],"class_list":["post-315","post","type-post","status-publish","format-standard","hentry","category-alltageskultur","category-kunst","category-menschen"],"_links":{"self":[{"href":"https:\/\/www.troesser-art.de\/index.php?rest_route=\/wp\/v2\/posts\/315","targetHints":{"allow":["GET"]}}],"collection":[{"href":"https:\/\/www.troesser-art.de\/index.php?rest_route=\/wp\/v2\/posts"}],"about":[{"href":"https:\/\/www.troesser-art.de\/index.php?rest_route=\/wp\/v2\/types\/post"}],"author":[{"embeddable":true,"href":"https:\/\/www.troesser-art.de\/index.php?rest_route=\/wp\/v2\/users\/1"}],"replies":[{"embeddable":true,"href":"https:\/\/www.troesser-art.de\/index.php?rest_route=%2Fwp%2Fv2%2Fcomments&post=315"}],"version-history":[{"count":17,"href":"https:\/\/www.troesser-art.de\/index.php?rest_route=\/wp\/v2\/posts\/315\/revisions"}],"predecessor-version":[{"id":5301,"href":"https:\/\/www.troesser-art.de\/index.php?rest_route=\/wp\/v2\/posts\/315\/revisions\/5301"}],"wp:attachment":[{"href":"https:\/\/www.troesser-art.de\/index.php?rest_route=%2Fwp%2Fv2%2Fmedia&parent=315"}],"wp:term":[{"taxonomy":"category","embeddable":true,"href":"https:\/\/www.troesser-art.de\/index.php?rest_route=%2Fwp%2Fv2%2Fcategories&post=315"},{"taxonomy":"post_tag","embeddable":true,"href":"https:\/\/www.troesser-art.de\/index.php?rest_route=%2Fwp%2Fv2%2Ftags&post=315"}],"curies":[{"name":"wp","href":"https:\/\/api.w.org\/{rel}","templated":true}]}}